{"id":296,"date":"2012-01-17T20:00:25","date_gmt":"2012-01-17T20:00:25","guid":{"rendered":"http:\/\/www.kriesi.at\/themes\/propulsion\/?p=296"},"modified":"2015-08-20T06:25:18","modified_gmt":"2015-08-20T06:25:18","slug":"kriesi-at","status":"publish","type":"post","link":"https:\/\/www.hsef.se\/en\/kriesi-at\/","title":{"rendered":"Avtal med Park Inn  &#8211; rabatterat pris p\u00e5 konferensrum"},"content":{"rendered":"<p>HSEF har tillsammans med Park Inn tagit fram rabatterat pris p\u00e5 konferensrum.<\/p>\n<p><!--more--><\/p>\n<p>HSEF har tecknat ett ramavtal med Park Inn om ett rabatterat pris vid bokning av konferensrum p\u00e5 hotell Park Inn Hammarby Sj\u00f6stad. Om en bostadsr\u00e4ttsf\u00f6rening som tillh\u00f6r HSEF bokar ett konferensrum erh\u00e5lls 10% rabatt p\u00e5 dagspriset.<\/p>\n<p>N\u00e4r ni bokar konferensrum hos Park Inn, Hammarby Sj\u00f6stad, meddela att ni tillh\u00f6r HSEF s\u00e5 erh\u00e5ller ni denna rabatt.<\/p>\n<p>Hyra hotellrum p\u00e5 Park Inn till rabattaterat pris f\u00f6r boende i Hammarby Sj\u00f6stad.<\/p>\n<p><strong>Hotellrum<\/strong><\/p>\n<p>15% rabatt p\u00e5 aktuellt dagspris<\/p>\n<p>Denna rabatt \u00e4r unik f\u00f6r er som bor i Hammarby Sj\u00f6stad och som blir medlem i v\u00e5r Sj\u00f6stadsklubb. edlemskapet \u00e4r personligt och f\u00f6r att erh\u00e5lla denna rabatt och tillg\u00e5ng till rabattkoden, v\u00e4nligen maila ert namn, hemadress till py.hedfors@rezidorparkinn.com<\/p>\n<p>Intresserade HSEF medlemmar kan kontakta hsef@hsef.se f\u00f6r mer information.<\/p>\n","protected":false},"excerpt":{"rendered":"<p>HSEF har tillsammans med Park Inn tagit fram rabatterat pris p\u00e5 konferensrum.<\/p>\n","protected":false},"author":1,"featured_media":4115,"comment_status":"open","ping_status":"open","sticky":false,"template":"","format":"standard","meta":{"_bbp_topic_count":0,"_bbp_reply_count":0,"_bbp_total_topic_count":0,"_bbp_total_reply_count":0,"_bbp_voice_count":0,"_bbp_anonymous_reply_count":0,"_bbp_topic_count_hidden":0,"_bbp_reply_count_hidden":0,"_bbp_forum_subforum_count":0,"footnotes":""},"categories":[16],"tags":[20,17,19,21,18],"class_list":["post-296","post","type-post","status-publish","format-standard","has-post-thumbnail","hentry","category-news","tag-bredband","tag-forening","tag-gemensamma-avtal","tag-hammarbysjostad","tag-styrka"],"_links":{"self":[{"href":"https:\/\/www.hsef.se\/en\/wp-json\/wp\/v2\/posts\/296","targetHints":{"allow":["GET"]}}],"collection":[{"href":"https:\/\/www.hsef.se\/en\/wp-json\/wp\/v2\/posts"}],"about":[{"href":"https:\/\/www.hsef.se\/en\/wp-json\/wp\/v2\/types\/post"}],"author":[{"embeddable":true,"href":"https:\/\/www.hsef.se\/en\/wp-json\/wp\/v2\/users\/1"}],"replies":[{"embeddable":true,"href":"https:\/\/www.hsef.se\/en\/wp-json\/wp\/v2\/comments?post=296"}],"version-history":[{"count":3,"href":"https:\/\/www.hsef.se\/en\/wp-json\/wp\/v2\/posts\/296\/revisions"}],"predecessor-version":[{"id":4184,"href":"https:\/\/www.hsef.se\/en\/wp-json\/wp\/v2\/posts\/296\/revisions\/4184"}],"wp:featuredmedia":[{"embeddable":true,"href":"https:\/\/www.hsef.se\/en\/wp-json\/wp\/v2\/media\/4115"}],"wp:attachment":[{"href":"https:\/\/www.hsef.se\/en\/wp-json\/wp\/v2\/media?parent=296"}],"wp:term":[{"taxonomy":"category","embeddable":true,"href":"https:\/\/www.hsef.se\/en\/wp-json\/wp\/v2\/categories?post=296"},{"taxonomy":"post_tag","embeddable":true,"href":"https:\/\/www.hsef.se\/en\/wp-json\/wp\/v2\/tags?post=296"}],"curies":[{"name":"wp","href":"https:\/\/api.w.org\/{rel}","templated":true}]}}